{"id":2701,"date":"2022-12-16T16:44:00","date_gmt":"2022-12-16T14:44:00","guid":{"rendered":"https:\/\/werkado.eu\/werkado-ir-mechanix-wear-pradejo-bendradarbiauti-su-benedikto-vanago-komanda\/"},"modified":"2023-04-26T09:26:32","modified_gmt":"2023-04-26T07:26:32","slug":"werkado-ir-mechanix-wear-pradejo-bendradarbiauti-su-benedikto-vanago-komanda","status":"publish","type":"post","link":"https:\/\/werkado.eu\/lt\/werkado-ir-mechanix-wear-pradejo-bendradarbiauti-su-benedikto-vanago-komanda\/","title":{"rendered":"<strong>\u201eWerkado\u201e ir \u201eMechanix Wear\u201c prad\u0117jo bendradarbiauti su Benedikto Vanago komanda<\/strong>"},"content":{"rendered":"\n<p><strong>D\u017eiaugiam\u0117s gal\u0117dami prane\u0161ti apie bendradarbiavim\u0105 su \u017einomiausio Lietuvos ralio lenktynininko Benedikto Vanago komanda, kuris prasid\u0117jo 2022 met\u0173 gruod\u012f.<\/strong><\/p>\n\n<p>B. Vanagas Baltijos \u0161alyse daugiausia \u017einomas, kaip i\u0161tverm\u0117s lenktynininkas, pasi\u017eym\u0117j\u0119s gerais rezultatais tiek Dakaro ralyje, tiek kitose bekel\u0117s var\u017eybose, tuo pa\u010diu dalyvauja ir kituose automobili\u0173 sporto renginiuose visame pasaulyje. Estas Kuldaras Sikk yra B. Vanago ralio partneris ir \u0161turmanas Dakare.<\/p>\n\n<p><strong>\u201eTies\u0105 sakant, \u201eMechanix Wear\u201c pir\u0161tines naudojome dar gerokai iki bendradarbiavimo prad\u017eios, nes jos yra kokybi\u0161kos, patogios ir patvarios\u201c, \u2013 sak\u0117 B. Vanagas.<\/strong><\/p>\n\n<figure class=\"wp-block-image size-large\"><img loading=\"lazy\" decoding=\"async\" width=\"1024\" height=\"683\" src=\"https:\/\/werkado.eu\/wp-content\/uploads\/2023\/03\/Dakar-2022-12-30-11-18-19-Andrius_Laucius-TGRB-1024x683.jpg\" alt=\"\" class=\"wp-image-2580\" srcset=\"https:\/\/werkado.eu\/wp-content\/uploads\/2023\/03\/Dakar-2022-12-30-11-18-19-Andrius_Laucius-TGRB-1024x683.jpg 1024w, https:\/\/werkado.eu\/wp-content\/uploads\/2023\/03\/Dakar-2022-12-30-11-18-19-Andrius_Laucius-TGRB-300x200.jpg 300w, https:\/\/werkado.eu\/wp-content\/uploads\/2023\/03\/Dakar-2022-12-30-11-18-19-Andrius_Laucius-TGRB-768x512.jpg 768w, https:\/\/werkado.eu\/wp-content\/uploads\/2023\/03\/Dakar-2022-12-30-11-18-19-Andrius_Laucius-TGRB-1536x1025.jpg 1536w, https:\/\/werkado.eu\/wp-content\/uploads\/2023\/03\/Dakar-2022-12-30-11-18-19-Andrius_Laucius-TGRB-65x43.jpg 65w, https:\/\/werkado.eu\/wp-content\/uploads\/2023\/03\/Dakar-2022-12-30-11-18-19-Andrius_Laucius-TGRB-60x40.jpg 60w, https:\/\/werkado.eu\/wp-content\/uploads\/2023\/03\/Dakar-2022-12-30-11-18-19-Andrius_Laucius-TGRB.jpg 2048w\" sizes=\"auto, (max-width: 1024px) 100vw, 1024px\" \/><figcaption class=\"wp-element-caption\">Estas Kuldaras Sikk yra B. Vanago ralio partneris ir \u0161turmanas Dakare. Dakar Rally 2022.<\/figcaption><\/figure>\n\n<div class=\"wp-block-columns is-layout-flex wp-container-core-columns-is-layout-9d6595d7 wp-block-columns-is-layout-flex\">\n<div class=\"wp-block-column is-layout-flow wp-block-column-is-layout-flow\">\n<h3 class=\"wp-block-heading\">Dakar Rally 2022<\/h3>\n\n\n\n<p>\u201eMechanix Wear\u201c ir \u201eWerkado\u201c nusprend\u0117 prisijungti prie garsi\u0173 komandos r\u0117m\u0117j\u0173, nes abu rem\u0117jai tiki Lietuvos ir Estijos ralio dueto s\u0117kme.<\/p>\n\n\n\n<p>Vyrams linkime stipryb\u0117s ateinan\u010diam sezone ir laukiame \u017ei\u016brimiausio met\u0173 \u012fvykio &#8211; Dakaro ralio 2023!&#13;\nDakaras yra kasmetinis ilg\u0173 nuotoli\u0173 bekel\u0117s ralis, organizuojamas dar nuo 1978 met\u0173, o nuo 2020 met\u0173 vykstantis Saudo Arabijos dykumose. Var\u017eybos vyksta tiek m\u0117g\u0117j\u0173, tiek profesional\u0173 klas\u0117se ir \u012fvairi\u0173 tip\u0173 motorin\u0117mis transporto priemon\u0117mis (motociklais, sunkve\u017eimiais, automobiliais).&#13;\n<\/p>\n\n\n\n<p><\/p>\n\n\n\n<figure class=\"wp-block-image size-large\"><img loading=\"lazy\" decoding=\"async\" width=\"1024\" height=\"684\" src=\"https:\/\/werkado.eu\/wp-content\/uploads\/2023\/03\/Mechanix_VanagaSikk-Dakar-1024x684.jpg\" alt=\"\" class=\"wp-image-2517\" srcset=\"https:\/\/werkado.eu\/wp-content\/uploads\/2023\/03\/Mechanix_VanagaSikk-Dakar-1024x684.jpg 1024w, https:\/\/werkado.eu\/wp-content\/uploads\/2023\/03\/Mechanix_VanagaSikk-Dakar-300x200.jpg 300w, https:\/\/werkado.eu\/wp-content\/uploads\/2023\/03\/Mechanix_VanagaSikk-Dakar-768x513.jpg 768w, https:\/\/werkado.eu\/wp-content\/uploads\/2023\/03\/Mechanix_VanagaSikk-Dakar-1536x1025.jpg 1536w, https:\/\/werkado.eu\/wp-content\/uploads\/2023\/03\/Mechanix_VanagaSikk-Dakar-65x43.jpg 65w, https:\/\/werkado.eu\/wp-content\/uploads\/2023\/03\/Mechanix_VanagaSikk-Dakar-60x40.jpg 60w, https:\/\/werkado.eu\/wp-content\/uploads\/2023\/03\/Mechanix_VanagaSikk-Dakar.jpg 2048w\" sizes=\"auto, (max-width: 1024px) 100vw, 1024px\" \/><figcaption class=\"wp-element-caption\">Benediktas Vanagas, Dakar Rally 2022<\/figcaption><\/figure>\n<\/div>\n<\/div>\n\n<div class=\"wp-block-columns is-layout-flex wp-container-core-columns-is-layout-9d6595d7 wp-block-columns-is-layout-flex\">\n<div class=\"wp-block-column is-layout-flow wp-block-column-is-layout-flow\">\n<p>Jei norite neatsilikti nuo Benedikto Vanago komandos veiklos, sekite jo socialini\u0173 tinkl\u0173 paskyras:<\/p>\n\n\n\n<p><a href=\"https:\/\/www.instagram.com\/benediktasvanagas\/\">https:\/\/www.instagram.com\/benediktasvanagas\/<\/a><\/p>\n\n\n\n<p><a href=\"https:\/\/www.facebook.com\/BenediktasVanagas\">https:\/\/www.facebook.com\/BenediktasVanagas<\/a><\/p>\n\n\n\n<p><a href=\"https:\/\/www.youtube.com\/@vanagaschannel\">https:\/\/www.youtube.com\/@vanagaschannel<\/a><\/p>\n\n\n\n<p><a href=\"https:\/\/benediktasvanagas.lt\/en\/\">https:\/\/benediktasvanagas.lt\/en\/<\/a><\/p>\n<\/div>\n<\/div>\n","protected":false},"excerpt":{"rendered":"<p>D\u017eiaugiam\u0117s gal\u0117dami prane\u0161ti apie bendradarbiavim\u0105 su \u017einomiausio Lietuvos ralio lenktynininko Benedikto Vanago komanda, kuris prasid\u0117jo 2022 met\u0173 gruod\u012f. B. Vanagas Baltijos \u0161alyse daugiausia \u017einomas, kaip i\u0161tverm\u0117s lenktynininkas, pasi\u017eym\u0117j\u0119s gerais rezultatais tiek Dakaro ralyje, tiek kitose bekel\u0117s var\u017eybose, tuo pa\u010diu dalyvauja ir kituose automobili\u0173 sporto renginiuose visame pasaulyje. Estas Kuldaras Sikk yra B. Vanago ralio partneris [&hellip;]<\/p>\n","protected":false},"author":4,"featured_media":2520,"comment_status":"open","ping_status":"open","sticky":true,"template":"","format":"standard","meta":{"_acf_changed":false,"footnotes":""},"categories":[149,4],"tags":[154,153,151,152,150],"class_list":["post-2701","post","type-post","status-publish","format-standard","has-post-thumbnail","hentry","category-dienorastis","category-uncategorized-lt","tag-lights-lt","tag-newbrand-lt","tag-prozektoriai","tag-scangrip-lt","tag-werkado-lt"],"acf":[],"_links":{"self":[{"href":"https:\/\/werkado.eu\/lt\/wp-json\/wp\/v2\/posts\/2701","targetHints":{"allow":["GET"]}}],"collection":[{"href":"https:\/\/werkado.eu\/lt\/wp-json\/wp\/v2\/posts"}],"about":[{"href":"https:\/\/werkado.eu\/lt\/wp-json\/wp\/v2\/types\/post"}],"author":[{"embeddable":true,"href":"https:\/\/werkado.eu\/lt\/wp-json\/wp\/v2\/users\/4"}],"replies":[{"embeddable":true,"href":"https:\/\/werkado.eu\/lt\/wp-json\/wp\/v2\/comments?post=2701"}],"version-history":[{"count":1,"href":"https:\/\/werkado.eu\/lt\/wp-json\/wp\/v2\/posts\/2701\/revisions"}],"predecessor-version":[{"id":2702,"href":"https:\/\/werkado.eu\/lt\/wp-json\/wp\/v2\/posts\/2701\/revisions\/2702"}],"wp:featuredmedia":[{"embeddable":true,"href":"https:\/\/werkado.eu\/lt\/wp-json\/wp\/v2\/media\/2520"}],"wp:attachment":[{"href":"https:\/\/werkado.eu\/lt\/wp-json\/wp\/v2\/media?parent=2701"}],"wp:term":[{"taxonomy":"category","embeddable":true,"href":"https:\/\/werkado.eu\/lt\/wp-json\/wp\/v2\/categories?post=2701"},{"taxonomy":"post_tag","embeddable":true,"href":"https:\/\/werkado.eu\/lt\/wp-json\/wp\/v2\/tags?post=2701"}],"curies":[{"name":"wp","href":"https:\/\/api.w.org\/{rel}","templated":true}]}}