{"id":5357,"date":"2024-07-29T23:07:05","date_gmt":"2024-07-29T21:07:05","guid":{"rendered":"https:\/\/werkado.eu\/right-to-repair-teise-i-remonta\/"},"modified":"2024-08-02T10:32:15","modified_gmt":"2024-08-02T08:32:15","slug":"right-to-repair-teise-i-remonta","status":"publish","type":"post","link":"https:\/\/werkado.eu\/lt\/right-to-repair-teise-i-remonta\/","title":{"rendered":"Right to Repair &#8211; teis\u0117 \u012f remont\u0105"},"content":{"rendered":"\n<p><strong>Kas yra Europos teis\u0117 \u012f remont\u0105?<\/strong><\/p>\n\n\n\n<p>Kaip europie\u010diai, mes esame \u012fprat\u0119 tur\u0117ti teis\u0119 rinktis. Mes turime pasirinkimo galimybes beveik visur \u2013 maisto, b\u016bsto, darbo ir draug\u0173 at\u017evilgiu. Taip pat galime rinktis, kiek ir ko i\u0161leid\u017eiame, kiek apgalvotai priimame pirkimo sprendimus ir k\u0105 apskritai vartojame. Kaip sakoma \u2013 negalite pasirinkti oro u\u017e lango ar artim\u0173 giminai\u010di\u0173, turite i\u0161mokti su jais gyventi.<\/p>\n\n\n\n<figure class=\"wp-block-image size-full\"><a href=\"https:\/\/repair.eu\/\"><img loading=\"lazy\" decoding=\"async\" width=\"640\" height=\"348\" src=\"https:\/\/werkado.eu\/wp-content\/uploads\/2024\/07\/Right-to-Repair-1.png\" alt=\"\" class=\"wp-image-5190\" srcset=\"https:\/\/werkado.eu\/wp-content\/uploads\/2024\/07\/Right-to-Repair-1.png 640w, https:\/\/werkado.eu\/wp-content\/uploads\/2024\/07\/Right-to-Repair-1-300x163.png 300w, https:\/\/werkado.eu\/wp-content\/uploads\/2024\/07\/Right-to-Repair-1-65x35.png 65w, https:\/\/werkado.eu\/wp-content\/uploads\/2024\/07\/Right-to-Repair-1-74x40.png 74w\" sizes=\"auto, (max-width: 640px) 100vw, 640px\" \/><\/a><\/figure>\n\n\n\n<p><strong>Netrukus tur\u0117sime dar vien\u0105 teis\u0119 \u2013 teis\u0119 \u012f remont\u0105 ir pakartotin\u012f naudojim\u0105.<\/strong><\/p>\n\n\n\n<p>John Deere, daugiausia \u017einomas kaip \u017eem\u0117s \u016bkio technikos gamintojas, prie\u0161 kelet\u0105 met\u0173 kviet\u0117 gamintojus neu\u017erakinti ir slapta\u017eod\u017eiais neapsaugoti elektronini\u0173 \u012frengini\u0173, leisdami vartotojams patiems taisyti smulkius gedimus ir reguliuoti, taip pat kreiptis \u012f remonto dirbtuves, kurios n\u0117ra i\u0161skirtiniai prek\u0117s \u017eenklo atstovai. \u0160i tendencija tapo pla\u010diai paplitusi tarp kit\u0173 gamintoj\u0173 2010-aisiais ir dabar palaipsniui bei u\u017etikrintai pasiek\u0117 Europ\u0105. Neseniai Europos Komisija patvirtino pasi\u016blym\u0105 sukurti direktyv\u0105, kuri reguliuot\u0173 vartotoj\u0173 teis\u0119 reikalauti produkt\u0173 remonto tiek garantiniu laikotarpiu, tiek po jo.<\/p>\n\n\n\n<p>Pagrindinis direktyvos tikslas yra suma\u017einti pasaulin\u0119 perteklin\u0119 gamyb\u0105 ir vartojim\u0105, \u0161viesti vartotojus ir skatinti tvar\u0173 m\u0105stym\u0105. Pavyzd\u017eiui, kai suskyla telefono ekranas arba sensta baterija, neb\u016btina keisti viso \u012frenginio; pakakt\u0173 pakeisti sugadint\u0105 dal\u012f, kad \u012frenginys toliau veikt\u0173. Tas pats principas bus taikomas kitiems techniniams \u012frenginiams, buitiniams prietaisams, transporto priemon\u0117ms ir kt.<\/p>\n\n\n\n<p>Tai rei\u0161kia, kad reglamentas nustatys reikalavimus produkt\u0173 dizainui ir atsargini\u0173 dali\u0173 prieinamumui. Garantiniu laikotarpiu vartotojams turi b\u016bti pasi\u016blyta galimyb\u0117 pirmiausia remontuoti produkt\u0105, o ne automati\u0161kai j\u012f pakeisti. \u017dinoma, tai ne visada yra \u012fmanoma arba pagr\u012fsta, jei produktas yra per daug sugadintas ir vis tiek reikia j\u012f pakeisti.<\/p>\n\n\n\n<p>Norint pad\u0117ti vartotojams priimti tvarius sprendimus dar prie\u0161 pirkim\u0105, produktai bus \u017eymimi \u012fvertinimais, nurodan\u010diais produkto ilgaam\u017ei\u0161kum\u0105 ir remontuojamum\u0105.<\/p>\n\n\n\n<p>Papildomai prie esamo 2 met\u0173 garantinio reikalavimo bus \u012ftraukta:<\/p>\n\n\n\n<ul class=\"wp-block-list\">\n<li><strong>Vartotojai tur\u0117t\u0173 tur\u0117ti prieig\u0105 prie duomen\u0173, sugeneruot\u0173 naudojant produkt\u0105, kad prireikus gal\u0117t\u0173 juos perduoti tre\u010diosioms \u0161alims, t.y., nepriklausomoms remonto dirbtuv\u0117ms.<\/strong><\/li>\n\n\n\n<li><strong>Vartotojai turi teis\u0119 reikalauti remontuoti produktus, kurie yra remontuojami pagal ES teis\u0119.<\/strong><\/li>\n\n\n\n<li><strong>Gamintojai privalo informuoti vartotojus apie produktus, kuriuos jie gali patys taisyti.<\/strong><\/li>\n\n\n\n<li><strong>Bus sukurta internetin\u0117 remonto platforma, jungianti vartotojus su remonto dirbtuv\u0117mis ir parduotuv\u0117mis, parduodan\u010diomis suremontuotus \u012frenginius j\u0173 vietov\u0117je.<\/strong><\/li>\n\n\n\n<li><strong>Vartotojai turi teis\u0119 pra\u0161yti Europos remonto informacijos formos i\u0161 remonto dirbtuvi\u0173, kad b\u016bt\u0173 lengviau palyginti pasi\u016blymus.<\/strong><\/li>\n\n\n\n<li><strong>Bus sukurtas Europos remonto paslaug\u0173 kokyb\u0117s standartas, pad\u0117siantis vartotojams atpa\u017einti auk\u0161tos kokyb\u0117s remonto paslaugas.<\/strong><\/li>\n<\/ul>\n\n\n\n<p>Tai yra pirminis Europos Komisijos patvirtintas pasi\u016blymas, ta\u010diau jis vis dar turi b\u016bti tobulinamas, nes klausimai, tokie kaip leidimas ir remonto reglamentavimas garantiniu laikotarpiu bei visos Europos standarto nustatymas, vis dar yra atviri. Direktyvos \u012fgyvendinimas vienoje ar keliose \u0161alyse neduot\u0173 pageidaujamo rezultato.<\/p>\n\n\n\n<p>Galite susipa\u017einti su i\u0161samiu <a href=\"https:\/\/ec.europa.eu\/commission\/presscorner\/detail\/en\/ip_23_1794\">&#8222;Teis\u0117s \u012f remont\u0105&#8221; direktyvos pasi\u016blymu, patvirtintu Europos Komisijos 2023 m. kovo 22 d<\/a>.<\/p>\n\n\n\n<p>Nuo 2021 m. sausio 1 d. Pranc\u016bzija yra pirmoji \u0161alis Europoje, \u012fdiegusi remontuojamumo indeks\u0105 penkioms elektronini\u0173 \u012frengini\u0173 kategorijoms \u2013 i\u0161maniesiems telefonams, ne\u0161iojamiesiems kompiuteriams, televizoriams, skalbimo ma\u0161inoms, vejapjovi\u0173 robotams. Indeksas vertina penkis kriterijus.<\/p>\n\n\n\n<ul class=\"wp-block-list\">\n<li>Dokumentacija<\/li>\n\n\n\n<li>I\u0161montavimas<\/li>\n\n\n\n<li>Atsargini\u0173 dali\u0173 prieinamumas<\/li>\n\n\n\n<li>Atsargini\u0173 dali\u0173 kaina<\/li>\n\n\n\n<li>Produkto specifiniai aspektai<\/li>\n<\/ul>\n\n\n\n<figure class=\"wp-block-image size-full\"><img loading=\"lazy\" decoding=\"async\" width=\"732\" height=\"459\" src=\"https:\/\/werkado.eu\/wp-content\/uploads\/2024\/07\/Werkado-and-macro-trends-influencing-our-business-vertical.png\" alt=\"\" class=\"wp-image-5336\" srcset=\"https:\/\/werkado.eu\/wp-content\/uploads\/2024\/07\/Werkado-and-macro-trends-influencing-our-business-vertical.png 732w, https:\/\/werkado.eu\/wp-content\/uploads\/2024\/07\/Werkado-and-macro-trends-influencing-our-business-vertical-300x188.png 300w, https:\/\/werkado.eu\/wp-content\/uploads\/2024\/07\/Werkado-and-macro-trends-influencing-our-business-vertical-65x41.png 65w, https:\/\/werkado.eu\/wp-content\/uploads\/2024\/07\/Werkado-and-macro-trends-influencing-our-business-vertical-64x40.png 64w\" sizes=\"auto, (max-width: 732px) 100vw, 732px\" \/><\/figure>\n\n\n\n<p>Werkado visi\u0161kai palaiko b\u016bsim\u0105 direktyv\u0105 \u2013 tai geras pavyzdys, kai b\u016btinos permainos turi b\u016bti inicijuojamos i\u0161 vir\u0161aus \u012f apa\u010di\u0105. Mes jau daugel\u012f met\u0173 tikime \u0161iuo principu, renkam\u0117s ir propaguojame \u012frankius, kuriuos galima remontuoti, taip pat si\u016blome atsargines dalis ir paslaugas.<\/p>\n\n\n\n<p>Pavyzd\u017eiui, statybos lazeriai naudojami labai sud\u0117tingomis s\u0105lygomis statybviet\u0117se. Net geriausiems profesionaliems \u012frankiams gali prireikti remonto po kritimo. Mes laikome atsargini\u0173 dali\u0173 atsargas, investavome \u012f speciali\u0105 \u012frang\u0105 ir technik\u0105, kad prailgintume lazeri\u0173 tarnavimo laik\u0105.<\/p>\n\n\n\n<p>Ta\u010diau vis\u0173 pirma atkreipiame d\u0117mes\u012f \u012f produkt\u0173 kokyb\u0119, kad jie ilgai tarnaut\u0173 ir netrukus nereik\u0117t\u0173 j\u0173 remontuoti.<\/p>\n","protected":false},"excerpt":{"rendered":"<p>Kas yra Europos teis\u0117 \u012f remont\u0105? Kaip europie\u010diai, mes esame \u012fprat\u0119 tur\u0117ti teis\u0119 rinktis. Mes turime pasirinkimo galimybes beveik visur \u2013 maisto, b\u016bsto, darbo ir draug\u0173 at\u017evilgiu. Taip pat galime rinktis, kiek ir ko i\u0161leid\u017eiame, kiek apgalvotai priimame pirkimo sprendimus ir k\u0105 apskritai vartojame. Kaip sakoma \u2013 negalite pasirinkti oro u\u017e lango ar artim\u0173 giminai\u010di\u0173, [&hellip;]<\/p>\n","protected":false},"author":4,"featured_media":5205,"comment_status":"open","ping_status":"open","sticky":false,"template":"","format":"standard","meta":{"_acf_changed":false,"footnotes":""},"categories":[4],"tags":[],"class_list":["post-5357","post","type-post","status-publish","format-standard","has-post-thumbnail","hentry","category-uncategorized-lt"],"acf":[],"_links":{"self":[{"href":"https:\/\/werkado.eu\/lt\/wp-json\/wp\/v2\/posts\/5357","targetHints":{"allow":["GET"]}}],"collection":[{"href":"https:\/\/werkado.eu\/lt\/wp-json\/wp\/v2\/posts"}],"about":[{"href":"https:\/\/werkado.eu\/lt\/wp-json\/wp\/v2\/types\/post"}],"author":[{"embeddable":true,"href":"https:\/\/werkado.eu\/lt\/wp-json\/wp\/v2\/users\/4"}],"replies":[{"embeddable":true,"href":"https:\/\/werkado.eu\/lt\/wp-json\/wp\/v2\/comments?post=5357"}],"version-history":[{"count":2,"href":"https:\/\/werkado.eu\/lt\/wp-json\/wp\/v2\/posts\/5357\/revisions"}],"predecessor-version":[{"id":5359,"href":"https:\/\/werkado.eu\/lt\/wp-json\/wp\/v2\/posts\/5357\/revisions\/5359"}],"wp:featuredmedia":[{"embeddable":true,"href":"https:\/\/werkado.eu\/lt\/wp-json\/wp\/v2\/media\/5205"}],"wp:attachment":[{"href":"https:\/\/werkado.eu\/lt\/wp-json\/wp\/v2\/media?parent=5357"}],"wp:term":[{"taxonomy":"category","embeddable":true,"href":"https:\/\/werkado.eu\/lt\/wp-json\/wp\/v2\/categories?post=5357"},{"taxonomy":"post_tag","embeddable":true,"href":"https:\/\/werkado.eu\/lt\/wp-json\/wp\/v2\/tags?post=5357"}],"curies":[{"name":"wp","href":"https:\/\/api.w.org\/{rel}","templated":true}]}}