{"id":2703,"date":"2022-12-16T16:44:00","date_gmt":"2022-12-16T14:44:00","guid":{"rendered":"https:\/\/werkado.eu\/werkado-un-mechanix-wear-ir-uzsakusi-sadarbibu-ar-benedikta-vanaga-lietuviski-benediktas-vanagas-komandu\/"},"modified":"2023-04-26T09:37:33","modified_gmt":"2023-04-26T07:37:33","slug":"werkado-un-mechanix-wear-ir-uzsakusi-sadarbibu-ar-benedikta-vanaga-lietuviski-benediktas-vanagas-komandu","status":"publish","type":"post","link":"https:\/\/werkado.eu\/lv\/werkado-un-mechanix-wear-ir-uzsakusi-sadarbibu-ar-benedikta-vanaga-lietuviski-benediktas-vanagas-komandu\/","title":{"rendered":"<strong>Werkado un Mechanix Wear ir uzs\u0101ku\u0161i sadarb\u012bbu ar Benedikta Vanaga (lietuviski &#8211; Benediktas Vanagas) komandu<\/strong>"},"content":{"rendered":"\n<p><strong>Ar prieku pazi\u0146ojam, ka 2022. gada decembr\u012b esam uzs\u0101ku\u0161i sadarb\u012bbu ar slaven\u0101k\u0101 lietuvie\u0161u sac\u012bk\u0161u brauc\u0113ja Benedikta Vanaga komandu.<\/strong><\/p>\n\n<p>Vanagas ir paz\u012bstams vis\u0101 Baltij\u0101 galvenok\u0101rt k\u0101 iztur\u012bbas sac\u012bk\u0161u brauc\u0113js, kur\u0161 ir uzr\u0101d\u012bjis labus rezult\u0101tus gan Dak\u0101ras rallij\u0101, gan cit\u0101s bezce\u013cu sacens\u012bb\u0101s, lai gan vi\u0146\u0161 piedal\u0101s ar\u012b citos autosporta pas\u0101kumos vis\u0101 pasaul\u0113. Igaunis Kuldars Sikks (igauniski \u2013 Kuldar Sikk) ir Vanaga rallija partneris un st\u016brmanis Dak\u0101ras rallij\u0101.<\/p>\n\n<p><strong>&#8220;Paties\u012bb\u0101 m\u0113s Mechanix Wear cimdus izmantoj\u0101m jau ilgi pirms sadarb\u012bbas uzs\u0101k\u0161anas, jo tie ir augstas kvalit\u0101tes, \u0113rti un iztur\u012bgi,&#8221; teica Vanags.<\/strong><\/p>\n\n<figure class=\"wp-block-image size-large\"><img loading=\"lazy\" decoding=\"async\" width=\"1024\" height=\"683\" src=\"https:\/\/werkado.eu\/wp-content\/uploads\/2023\/03\/Dakar-2022-12-30-11-18-19-Andrius_Laucius-TGRB-1024x683.jpg\" alt=\"\" class=\"wp-image-2580\" srcset=\"https:\/\/werkado.eu\/wp-content\/uploads\/2023\/03\/Dakar-2022-12-30-11-18-19-Andrius_Laucius-TGRB-1024x683.jpg 1024w, https:\/\/werkado.eu\/wp-content\/uploads\/2023\/03\/Dakar-2022-12-30-11-18-19-Andrius_Laucius-TGRB-300x200.jpg 300w, https:\/\/werkado.eu\/wp-content\/uploads\/2023\/03\/Dakar-2022-12-30-11-18-19-Andrius_Laucius-TGRB-768x512.jpg 768w, https:\/\/werkado.eu\/wp-content\/uploads\/2023\/03\/Dakar-2022-12-30-11-18-19-Andrius_Laucius-TGRB-1536x1025.jpg 1536w, https:\/\/werkado.eu\/wp-content\/uploads\/2023\/03\/Dakar-2022-12-30-11-18-19-Andrius_Laucius-TGRB-65x43.jpg 65w, https:\/\/werkado.eu\/wp-content\/uploads\/2023\/03\/Dakar-2022-12-30-11-18-19-Andrius_Laucius-TGRB-60x40.jpg 60w, https:\/\/werkado.eu\/wp-content\/uploads\/2023\/03\/Dakar-2022-12-30-11-18-19-Andrius_Laucius-TGRB.jpg 2048w\" sizes=\"auto, (max-width: 1024px) 100vw, 1024px\" \/><figcaption class=\"wp-element-caption\">Igaunis Kuldars Sikks (igauniski \u2013 Kuldar Sikk) ir Vanaga rallija partneris un st\u016brmanis Dak\u0101ras rallij\u0101. Dakar Rally 2022<\/figcaption><\/figure>\n\n<div class=\"wp-block-columns is-layout-flex wp-container-core-columns-is-layout-9d6595d7 wp-block-columns-is-layout-flex\">\n<div class=\"wp-block-column is-layout-flow wp-block-column-is-layout-flow\">\n<h3 class=\"wp-block-heading\">Dakar Rally 2023<\/h3>\n\n\n\n<p>Mechanix Wear un Werkado nol\u0113ma pievienoties slaven\u0101s komandas atbalst\u012bt\u0101jiem, jo abi uz\u0146\u0113mumi tic Lietuvas un Igaunijas rallija dueta pan\u0101kumiem.<\/p>\n\n\n\n<p>Nov\u0113lam v\u012briem iztur\u012bbu jaunaj\u0101 sezon\u0101 un ar nepaciet\u012bbu gaid\u0101m gada noz\u012bm\u012bg\u0101ko notikumu &#8211; Dak\u0101ras ralliju 2023!&#13;\nDak\u0101ras rallijs ir ikgad\u0113jas bezce\u013cu sacens\u012bbas, kas tiek organiz\u0113tas kop\u0161 1978. gada, bet kop\u0161 2020. gada notiek Sa\u016bda Ar\u0101bijas tuksne\u0161a apvid\u016b. Sacens\u012bbas notiek gan amatieru, gan profesion\u0101\u013cu klas\u0113s un ar da\u017e\u0101du veidu meh\u0101niskajiem transportl\u012bdzek\u013ciem (motocikliem, kravas automa\u0161\u012bn\u0101m, vieglaj\u0101m automa\u0161\u012bn\u0101m).<\/p>\n\n\n\n<p><\/p>\n\n\n\n<figure class=\"wp-block-image size-large\"><img loading=\"lazy\" decoding=\"async\" width=\"1024\" height=\"684\" src=\"https:\/\/werkado.eu\/wp-content\/uploads\/2023\/03\/Mechanix_VanagaSikk-Dakar-1024x684.jpg\" alt=\"\" class=\"wp-image-2517\" srcset=\"https:\/\/werkado.eu\/wp-content\/uploads\/2023\/03\/Mechanix_VanagaSikk-Dakar-1024x684.jpg 1024w, https:\/\/werkado.eu\/wp-content\/uploads\/2023\/03\/Mechanix_VanagaSikk-Dakar-300x200.jpg 300w, https:\/\/werkado.eu\/wp-content\/uploads\/2023\/03\/Mechanix_VanagaSikk-Dakar-768x513.jpg 768w, https:\/\/werkado.eu\/wp-content\/uploads\/2023\/03\/Mechanix_VanagaSikk-Dakar-1536x1025.jpg 1536w, https:\/\/werkado.eu\/wp-content\/uploads\/2023\/03\/Mechanix_VanagaSikk-Dakar-65x43.jpg 65w, https:\/\/werkado.eu\/wp-content\/uploads\/2023\/03\/Mechanix_VanagaSikk-Dakar-60x40.jpg 60w, https:\/\/werkado.eu\/wp-content\/uploads\/2023\/03\/Mechanix_VanagaSikk-Dakar.jpg 2048w\" sizes=\"auto, (max-width: 1024px) 100vw, 1024px\" \/><figcaption class=\"wp-element-caption\">Benediktas Vanagas, Dakar Rally 2022<\/figcaption><\/figure>\n<\/div>\n<\/div>\n\n<div class=\"wp-block-columns is-layout-flex wp-container-core-columns-is-layout-9d6595d7 wp-block-columns-is-layout-flex\">\n<div class=\"wp-block-column is-layout-flow wp-block-column-is-layout-flow\">\n<p>Ja v\u0113laties sekot l\u012bdzi Benedikta Vanaga komandas aktivit\u0101t\u0113m, sekojiet vi\u0146a soci\u0101lo t\u012bklu kontiem:<\/p>\n\n\n\n<p><a href=\"https:\/\/www.instagram.com\/benediktasvanagas\/\">https:\/\/www.instagram.com\/benediktasvanagas\/<\/a><\/p>\n\n\n\n<p><a href=\"https:\/\/www.facebook.com\/BenediktasVanagas\">https:\/\/www.facebook.com\/BenediktasVanagas<\/a><\/p>\n\n\n\n<p><a href=\"https:\/\/www.youtube.com\/@vanagaschannel\">https:\/\/www.youtube.com\/@vanagaschannel<\/a><\/p>\n\n\n\n<p><a href=\"https:\/\/benediktasvanagas.lt\/en\/\">https:\/\/benediktasvanagas.lt\/en\/<\/a><\/p>\n<\/div>\n<\/div>\n","protected":false},"excerpt":{"rendered":"<p>Ar prieku pazi\u0146ojam, ka 2022. gada decembr\u012b esam uzs\u0101ku\u0161i sadarb\u012bbu ar slaven\u0101k\u0101 lietuvie\u0161u sac\u012bk\u0161u brauc\u0113ja Benedikta Vanaga komandu. Vanagas ir paz\u012bstams vis\u0101 Baltij\u0101 galvenok\u0101rt k\u0101 iztur\u012bbas sac\u012bk\u0161u brauc\u0113js, kur\u0161 ir uzr\u0101d\u012bjis labus rezult\u0101tus gan Dak\u0101ras rallij\u0101, gan cit\u0101s bezce\u013cu sacens\u012bb\u0101s, lai gan vi\u0146\u0161 piedal\u0101s ar\u012b citos autosporta pas\u0101kumos vis\u0101 pasaul\u0113. Igaunis Kuldars Sikks (igauniski \u2013 [&hellip;]<\/p>\n","protected":false},"author":4,"featured_media":2519,"comment_status":"open","ping_status":"open","sticky":true,"template":"","format":"standard","meta":{"_acf_changed":false,"footnotes":""},"categories":[143,3,158],"tags":[148,147,145,146,144],"class_list":["post-2703","post","type-post","status-publish","format-standard","has-post-thumbnail","hentry","category-emuars","category-uncategorized-lv","category-zinasanu-pamats","tag-lights","tag-newbrand","tag-prozektori","tag-scangrip","tag-werkado-lv"],"acf":[],"_links":{"self":[{"href":"https:\/\/werkado.eu\/lv\/wp-json\/wp\/v2\/posts\/2703","targetHints":{"allow":["GET"]}}],"collection":[{"href":"https:\/\/werkado.eu\/lv\/wp-json\/wp\/v2\/posts"}],"about":[{"href":"https:\/\/werkado.eu\/lv\/wp-json\/wp\/v2\/types\/post"}],"author":[{"embeddable":true,"href":"https:\/\/werkado.eu\/lv\/wp-json\/wp\/v2\/users\/4"}],"replies":[{"embeddable":true,"href":"https:\/\/werkado.eu\/lv\/wp-json\/wp\/v2\/comments?post=2703"}],"version-history":[{"count":1,"href":"https:\/\/werkado.eu\/lv\/wp-json\/wp\/v2\/posts\/2703\/revisions"}],"predecessor-version":[{"id":2704,"href":"https:\/\/werkado.eu\/lv\/wp-json\/wp\/v2\/posts\/2703\/revisions\/2704"}],"wp:featuredmedia":[{"embeddable":true,"href":"https:\/\/werkado.eu\/lv\/wp-json\/wp\/v2\/media\/2519"}],"wp:attachment":[{"href":"https:\/\/werkado.eu\/lv\/wp-json\/wp\/v2\/media?parent=2703"}],"wp:term":[{"taxonomy":"category","embeddable":true,"href":"https:\/\/werkado.eu\/lv\/wp-json\/wp\/v2\/categories?post=2703"},{"taxonomy":"post_tag","embeddable":true,"href":"https:\/\/werkado.eu\/lv\/wp-json\/wp\/v2\/tags?post=2703"}],"curies":[{"name":"wp","href":"https:\/\/api.w.org\/{rel}","templated":true}]}}