{"id":3927,"date":"2023-10-10T13:04:48","date_gmt":"2023-10-10T11:04:48","guid":{"rendered":"https:\/\/werkado.eu\/sagatavosimies-ziemai-izveloties-sezonai-piemerotus-cimdus\/"},"modified":"2023-10-16T11:47:26","modified_gmt":"2023-10-16T09:47:26","slug":"sagatavosimies-ziemai-izveloties-sezonai-piemerotus-cimdus","status":"publish","type":"post","link":"https:\/\/werkado.eu\/lv\/sagatavosimies-ziemai-izveloties-sezonai-piemerotus-cimdus\/","title":{"rendered":"Sagatavosimies ziemai, izv\u0113loties sezonai piem\u0113rotus cimdus!"},"content":{"rendered":"\n<p>Izv\u0113loties ziemas aizsargcimdus, profesion\u0101\u013ciem j\u0101\u0146em v\u0113r\u0101 vair\u0101ki faktori, lai tie nodro\u0161in\u0101tu pietiekamu siltumu, komfortu un dro\u0161\u012bbu aukstum\u0101. Apl\u016bkosim piecas lietas, kas j\u0101\u0146em v\u0113r\u0101, un izplat\u012bt\u0101k\u0101s k\u013c\u016bdas, no kur\u0101m j\u0101izvair\u0101s.<\/p>\n\n\n\n<h2 class=\"wp-block-heading\">Lietas, kas j\u0101\u0146em v\u0113r\u0101, izv\u0113loties ide\u0101lus ziemas cimdus darbam \u0101r\u0101<\/h2>\n\n\n\n<h3 class=\"wp-block-heading\">Izol\u0101cija un siltums:<\/h3>\n\n\n\n<ul class=\"wp-block-list\">\n<li>izv\u0113lieties cimdus ar atbilsto\u0161iem izol\u0101cijas materi\u0101liem, piem\u0113ram, Thinsulate\u2122, d\u016bn\u0101m vai vilnu, siltuma nodro\u0161in\u0101\u0161anai zem\u0101 temperat\u016br\u0101;<\/li>\n\n\n\n<li>apsveriet cimdu temperat\u016bras v\u0113rt\u0113jumu, lai nodro\u0161in\u0101tu to piem\u0113rot\u012bbu konkr\u0113tajiem ziemas apst\u0101k\u013ciem, k\u0101dos str\u0101d\u0101siet.<\/li>\n<\/ul>\n\n\n\n<figure class=\"wp-block-image size-full is-resized\"><img loading=\"lazy\" decoding=\"async\" src=\"https:\/\/werkado.eu\/wp-content\/uploads\/2023\/10\/qppta9glxy2pobwgfi8i.png\" alt=\"Mechanix Wear Winter Gloves\" class=\"wp-image-3891\" width=\"677\" height=\"453\" srcset=\"https:\/\/werkado.eu\/wp-content\/uploads\/2023\/10\/qppta9glxy2pobwgfi8i.png 902w, https:\/\/werkado.eu\/wp-content\/uploads\/2023\/10\/qppta9glxy2pobwgfi8i-300x201.png 300w, https:\/\/werkado.eu\/wp-content\/uploads\/2023\/10\/qppta9glxy2pobwgfi8i-768x514.png 768w, https:\/\/werkado.eu\/wp-content\/uploads\/2023\/10\/qppta9glxy2pobwgfi8i-65x44.png 65w, https:\/\/werkado.eu\/wp-content\/uploads\/2023\/10\/qppta9glxy2pobwgfi8i-60x40.png 60w\" sizes=\"auto, (max-width: 677px) 100vw, 677px\" \/><\/figure>\n\n\n\n<h3 class=\"wp-block-heading\">\u016adens un v\u0113ja necaurlaid\u012bbas \u012bpa\u0161\u012bbas:<\/h3>\n\n\n\n<ul class=\"wp-block-list\">\n<li>izv\u0113lieties \u016bdeni un v\u0113ju necaurlaid\u012bgus cimdus, lai rokas b\u016btu pasarg\u0101tas no mitruma un aukstuma;<\/li>\n\n\n\n<li>mekl\u0113jiet no t\u0101diem materi\u0101liem k\u0101 Gore-Tex izgatavotus cimdus, kas vienlaic\u012bgi nodro\u0161ina izcilu hidroizol\u0101ciju, un gaisa caurlaid\u012bbu.<\/li>\n<\/ul>\n\n\n\n<h3 class=\"wp-block-heading\">Izveic\u012bba un satv\u0113riens:<\/h3>\n\n\n\n<ul class=\"wp-block-list\">\n<li>p\u0101rbaudiet, vai cimdi nodro\u0161ina pietiekamu izveic\u012bbu un satv\u0113rienu, lai var\u0113tu efekt\u012bvi darboties ar instrumentiem un apr\u012bkojumu;<\/li>\n\n\n\n<li>mekl\u0113jiet cimdus, kuru plaukstu un pirkstu da\u013cas ir tekstur\u0113tas vai izstr\u0101d\u0101tas ar satv\u0113rienu uzlabojo\u0161iem materi\u0101liem, lai nov\u0113rstu sl\u012bd\u0113\u0161anu.<\/li>\n<\/ul>\n\n\n\n<h3 class=\"wp-block-heading\">Iztur\u012bba un aizsardz\u012bba:<\/h3>\n\n\n\n<ul class=\"wp-block-list\">\n<li>izv\u0113lieties no iztur\u012bgiem materi\u0101liem, piem\u0113ram, \u0101das vai pastiprin\u0101tiem sint\u0113tiskiem audumiem, izgatavotus cimdus, lai tie ilg\u0101k iztur\u0113tu nodilumu un nolietojumu;<\/li>\n\n\n\n<li>lai uzlabotu dro\u0161\u012bbu, apsveriet iesp\u0113ju izmantot cimdus ar papildu funkcij\u0101m, piem\u0113ram, pastiprin\u0101tiem pirkstu galiem vai pirkstu loc\u012btavu aizsardz\u012bbu.<\/li>\n<\/ul>\n\n\n\n<h3 class=\"wp-block-heading\">Piem\u0113rot\u012bba un komforts<\/h3>\n\n\n\n<ul class=\"wp-block-list\">\n<li>izv\u0113lieties labi piegulo\u0161us cimdus, kas nav p\u0101r\u0101k cie\u0161i vai p\u0101r\u0101k va\u013c\u012bgi. Piem\u0113rot\u012bba nodro\u0161ina lab\u0101ku izol\u0101ciju un elast\u012bbu;<\/li>\n\n\n\n<li>apsveriet iesp\u0113ju izmantot cimdus ar regul\u0113jam\u0101m aproc\u0113m vai aizdari ap plaukstas loc\u012btavu, lai nov\u0113rstu auksta gaisa un sniega iek\u013c\u016b\u0161anu.<\/li>\n<\/ul>\n\n\n\n<figure class=\"wp-block-image size-full is-resized\"><img loading=\"lazy\" decoding=\"async\" src=\"https:\/\/werkado.eu\/wp-content\/uploads\/2023\/10\/wol_pl_Mechanix-ColdWork-Peak-Insulated-Gloves-Grey-Black-CWKPK-58-30212_4-1.png\" alt=\"\" class=\"wp-image-3907\" width=\"695\" height=\"468\" srcset=\"https:\/\/werkado.eu\/wp-content\/uploads\/2023\/10\/wol_pl_Mechanix-ColdWork-Peak-Insulated-Gloves-Grey-Black-CWKPK-58-30212_4-1.png 927w, https:\/\/werkado.eu\/wp-content\/uploads\/2023\/10\/wol_pl_Mechanix-ColdWork-Peak-Insulated-Gloves-Grey-Black-CWKPK-58-30212_4-1-300x202.png 300w, https:\/\/werkado.eu\/wp-content\/uploads\/2023\/10\/wol_pl_Mechanix-ColdWork-Peak-Insulated-Gloves-Grey-Black-CWKPK-58-30212_4-1-768x517.png 768w, https:\/\/werkado.eu\/wp-content\/uploads\/2023\/10\/wol_pl_Mechanix-ColdWork-Peak-Insulated-Gloves-Grey-Black-CWKPK-58-30212_4-1-65x44.png 65w, https:\/\/werkado.eu\/wp-content\/uploads\/2023\/10\/wol_pl_Mechanix-ColdWork-Peak-Insulated-Gloves-Grey-Black-CWKPK-58-30212_4-1-59x40.png 59w\" sizes=\"auto, (max-width: 695px) 100vw, 695px\" \/><\/figure>\n\n\n\n<p>Izv\u0113loties ziemas cimdus, profesion\u0101\u013ciem vienm\u0113r j\u0101\u0146em v\u0113r\u0101 sava darba vide un veicamie uzdevumi, lai cimdi nodro\u0161in\u0101tu nepiecie\u0161amo aizsardz\u012bbu bez komforta un funkcionalit\u0101tes kompromisiem.<\/p>\n\n\n\n<p>Apskatiet \u0161eit, k\u0101di ziemas darba cimdi ir pieejami Werkado pas\u016bt\u012b\u0161anas centr\u0101.<\/p>\n\n\n\n<p>Pas\u016btiet silto cimdu izlasi \u0161eit jau tagad, lai sezonas s\u0101kum\u0101 neb\u016btu j\u0101mekl\u0113 atbilsto\u0161ie mode\u013ci un izm\u0113ri.<\/p>\n\n\n\n<figure class=\"wp-block-image size-full is-resized\"><img loading=\"lazy\" decoding=\"async\" src=\"https:\/\/werkado.eu\/wp-content\/uploads\/2023\/10\/rn4huxazkju2cfwt9idg-1.png\" alt=\"\" class=\"wp-image-3899\" width=\"677\" height=\"455\" srcset=\"https:\/\/werkado.eu\/wp-content\/uploads\/2023\/10\/rn4huxazkju2cfwt9idg-1.png 902w, https:\/\/werkado.eu\/wp-content\/uploads\/2023\/10\/rn4huxazkju2cfwt9idg-1-300x202.png 300w, https:\/\/werkado.eu\/wp-content\/uploads\/2023\/10\/rn4huxazkju2cfwt9idg-1-768x517.png 768w, https:\/\/werkado.eu\/wp-content\/uploads\/2023\/10\/rn4huxazkju2cfwt9idg-1-65x44.png 65w, https:\/\/werkado.eu\/wp-content\/uploads\/2023\/10\/rn4huxazkju2cfwt9idg-1-59x40.png 59w\" sizes=\"auto, (max-width: 677px) 100vw, 677px\" \/><\/figure>\n","protected":false},"excerpt":{"rendered":"<p>Izv\u0113loties ziemas aizsargcimdus, profesion\u0101\u013ciem j\u0101\u0146em v\u0113r\u0101 vair\u0101ki faktori, lai tie nodro\u0161in\u0101tu pietiekamu siltumu, komfortu un dro\u0161\u012bbu aukstum\u0101. Apl\u016bkosim piecas lietas, kas j\u0101\u0146em v\u0113r\u0101, un izplat\u012bt\u0101k\u0101s k\u013c\u016bdas, no kur\u0101m j\u0101izvair\u0101s. Lietas, kas j\u0101\u0146em v\u0113r\u0101, izv\u0113loties ide\u0101lus ziemas cimdus darbam \u0101r\u0101 Izol\u0101cija un siltums: \u016adens un v\u0113ja necaurlaid\u012bbas \u012bpa\u0161\u012bbas: Izveic\u012bba un satv\u0113riens: Iztur\u012bba un aizsardz\u012bba: Piem\u0113rot\u012bba un [&hellip;]<\/p>\n","protected":false},"author":4,"featured_media":3888,"comment_status":"open","ping_status":"open","sticky":false,"template":"","format":"standard","meta":{"_acf_changed":false,"footnotes":""},"categories":[3,158],"tags":[197,196,195,144],"class_list":["post-3927","post","type-post","status-publish","format-standard","has-post-thumbnail","hentry","category-uncategorized-lv","category-zinasanu-pamats","tag-ansell-lv-2","tag-mechanixwear-lv","tag-oxxa-lv-2","tag-werkado-lv"],"acf":[],"_links":{"self":[{"href":"https:\/\/werkado.eu\/lv\/wp-json\/wp\/v2\/posts\/3927","targetHints":{"allow":["GET"]}}],"collection":[{"href":"https:\/\/werkado.eu\/lv\/wp-json\/wp\/v2\/posts"}],"about":[{"href":"https:\/\/werkado.eu\/lv\/wp-json\/wp\/v2\/types\/post"}],"author":[{"embeddable":true,"href":"https:\/\/werkado.eu\/lv\/wp-json\/wp\/v2\/users\/4"}],"replies":[{"embeddable":true,"href":"https:\/\/werkado.eu\/lv\/wp-json\/wp\/v2\/comments?post=3927"}],"version-history":[{"count":2,"href":"https:\/\/werkado.eu\/lv\/wp-json\/wp\/v2\/posts\/3927\/revisions"}],"predecessor-version":[{"id":3931,"href":"https:\/\/werkado.eu\/lv\/wp-json\/wp\/v2\/posts\/3927\/revisions\/3931"}],"wp:featuredmedia":[{"embeddable":true,"href":"https:\/\/werkado.eu\/lv\/wp-json\/wp\/v2\/media\/3888"}],"wp:attachment":[{"href":"https:\/\/werkado.eu\/lv\/wp-json\/wp\/v2\/media?parent=3927"}],"wp:term":[{"taxonomy":"category","embeddable":true,"href":"https:\/\/werkado.eu\/lv\/wp-json\/wp\/v2\/categories?post=3927"},{"taxonomy":"post_tag","embeddable":true,"href":"https:\/\/werkado.eu\/lv\/wp-json\/wp\/v2\/tags?post=3927"}],"curies":[{"name":"wp","href":"https:\/\/api.w.org\/{rel}","templated":true}]}}