{"id":5354,"date":"2024-07-29T23:07:05","date_gmt":"2024-07-29T21:07:05","guid":{"rendered":"https:\/\/werkado.eu\/right-to-repair-tiesibas-uz-remontu\/"},"modified":"2024-08-02T10:19:57","modified_gmt":"2024-08-02T08:19:57","slug":"right-to-repair-tiesibas-uz-remontu","status":"publish","type":"post","link":"https:\/\/werkado.eu\/lv\/right-to-repair-tiesibas-uz-remontu\/","title":{"rendered":"Right to Repair &#8211; ties\u012bbas uz remontu"},"content":{"rendered":"\n<p><strong>Kas ir Eiropas Direkt\u012bva par Ties\u012bb\u0101m uz Remontu?<\/strong><\/p>\n\n\n\n<p>K\u0101 eiropie\u0161i, m\u0113s esam pieradu\u0161i pie ties\u012bb\u0101m pie\u0146emt l\u0113mumus. Mums ir izv\u0113les iesp\u0113jas gandr\u012bz vis\u0101 \u2013 \u0113dien\u0101, m\u0101jokl\u012b, darb\u0101 un draugos. M\u0113s varam ar\u012b izv\u0113l\u0113ties, cik daudz un uz ko m\u0113s t\u0113r\u0113jam, cik p\u0101rdom\u0101ti m\u0113s veicam pirkuma l\u0113mumus un ko m\u0113s visp\u0101r pat\u0113r\u0113jam. K\u0101 saka \u2013 j\u016bs nevarat izv\u0113l\u0113ties laiku \u0101r\u0101 vai savus tuv\u0101kos radiniekus, jums j\u0101iem\u0101c\u0101s ar tiem sadz\u012bvot.<\/p>\n\n\n\n<figure class=\"wp-block-image size-full\"><a href=\"https:\/\/repair.eu\/\"><img loading=\"lazy\" decoding=\"async\" width=\"640\" height=\"348\" src=\"https:\/\/werkado.eu\/wp-content\/uploads\/2024\/07\/Right-to-Repair-1.png\" alt=\"\" class=\"wp-image-5190\" srcset=\"https:\/\/werkado.eu\/wp-content\/uploads\/2024\/07\/Right-to-Repair-1.png 640w, https:\/\/werkado.eu\/wp-content\/uploads\/2024\/07\/Right-to-Repair-1-300x163.png 300w, https:\/\/werkado.eu\/wp-content\/uploads\/2024\/07\/Right-to-Repair-1-65x35.png 65w, https:\/\/werkado.eu\/wp-content\/uploads\/2024\/07\/Right-to-Repair-1-74x40.png 74w\" sizes=\"auto, (max-width: 640px) 100vw, 640px\" \/><\/a><\/figure>\n\n\n\n<p><strong>Dr\u012bz mums b\u016bs v\u0113l viena ties\u012bba \u2013 ties\u012bbas uz remontu un atk\u0101rtotu izmanto\u0161anu.<\/strong><\/p>\n\n\n\n<p>John Deere, galvenok\u0101rt paz\u012bstams k\u0101 lauksaimniec\u012bbas tehnikas ra\u017eot\u0101js, pirms gadiem aicin\u0101ja ra\u017eot\u0101jus neiesl\u0113gt un neaizsarg\u0101t elektronisk\u0101s ier\u012bces ar parol\u0113m, \u013caujot pat\u0113r\u0113t\u0101jiem pa\u0161iem nov\u0113rst nelielus boj\u0101jumus un regul\u0113jumus, k\u0101 ar\u012b mekl\u0113t pal\u012bdz\u012bbu remontdarbn\u012bc\u0101s, kas nav konkr\u0113t\u0101 z\u012bmola ekskluz\u012bvie p\u0101rst\u0101vji. Tas k\u013cuva par pla\u0161i izplat\u012btu tendenci citu ra\u017eot\u0101ju vid\u016b 2010. gados, un tagad tas pak\u0101peniski un ap\u0146\u0113m\u012bgi ir sasniedzis ar\u012b Eiropu. Nesen Eiropas Komisija apstiprin\u0101ja priek\u0161likumu izveidot direkt\u012bvu, kas regul\u0113s pat\u0113r\u0113t\u0101ju ties\u012bbas piepras\u012bt produktu remontu gan garantijas perioda laik\u0101, gan p\u0113c t\u0101 beig\u0101m.<\/p>\n\n\n\n<p>Direkt\u012bvas galvenais m\u0113r\u0137is ir samazin\u0101t glob\u0101lo p\u0101rprodukciju un p\u0101rt\u0113ri\u0146u, izgl\u012btot pat\u0113r\u0113t\u0101jus un veicin\u0101t ilgtsp\u0113j\u012bgu dom\u0101\u0161anu. Piem\u0113ram, kad sapl\u012bst telefona ekr\u0101ns vai noveco akumulators, nav nepiecie\u0161ams nomain\u012bt visu ier\u012bci; pietiktu ar boj\u0101t\u0101s deta\u013cas nomai\u0146u, lai ier\u012bce turpin\u0101tu darboties. Tas pats princips attieksies uz cit\u0101m tehnisk\u0101m ier\u012bc\u0113m, sadz\u012bves tehniku, transportl\u012bdzek\u013ciem utt.<\/p>\n\n\n\n<p>Tas noz\u012bm\u0113, ka regul\u0113jum\u0101 tiks noteiktas pras\u012bbas produktu dizainam un rezerves da\u013cu pieejam\u012bbai, un garantijas period\u0101 pat\u0113r\u0113t\u0101jiem j\u0101b\u016bt pied\u0101v\u0101tai iesp\u0113jai vispirms izv\u0113l\u0113ties produkta remontu, nevis autom\u0101tiski to aizst\u0101t. Protams, tas ne vienm\u0113r ir iesp\u0113jams vai sapr\u0101t\u012bgi, ja produkts ir p\u0101r\u0101k boj\u0101ts un ier\u012bce tom\u0113r ir j\u0101aizst\u0101j.<\/p>\n\n\n\n<p>Lai pat\u0113r\u0113t\u0101jiem b\u016btu viegl\u0101k pie\u0146emt ilgtsp\u0113j\u012bgus l\u0113mumus v\u0113l pirms pirkuma veik\u0161anas, produkti tiks apr\u012bkoti ar reitingiem, kas nor\u0101da produkta iztur\u012bbu un remont\u0113jam\u012bbu.<\/p>\n\n\n\n<p>Papildus eso\u0161ajam 2 gadu garantijas pras\u012bb\u0101m tiks pievienoti \u0161\u0101di noteikumi un r\u012bki:<\/p>\n\n\n\n<ul class=\"wp-block-list\">\n<li><strong>Pat\u0113r\u0113t\u0101jiem j\u0101b\u016bt pieejamiem datiem, kas \u0123ener\u0113ti produkta lieto\u0161anas laik\u0101, lai tos nepiecie\u0161am\u012bbas gad\u012bjum\u0101 var\u0113tu nodot tre\u0161aj\u0101m person\u0101m, proti, neatkar\u012bg\u0101m remontdarbn\u012bc\u0101m.<\/strong><\/li>\n\n\n\n<li><strong>Pat\u0113r\u0113t\u0101jiem ir ties\u012bbas piepras\u012bt to produktu remontu, kas ir remont\u0113jami saska\u0146\u0101 ar ES ties\u012bb\u0101m.<\/strong><\/li>\n\n\n\n<li><strong>Ra\u017eot\u0101jiem ir pien\u0101kums inform\u0113t pat\u0113r\u0113t\u0101jus par produktiem, kurus vi\u0146i var pa\u0161i salabot.<\/strong><\/li>\n\n\n\n<li><strong>Tiks izveidota tie\u0161saistes remontu platforma, kas savienos pat\u0113r\u0113t\u0101jus ar vi\u0146u re\u0123ion\u0101 eso\u0161\u0101m remontdarbn\u012bc\u0101m un veikaliem, kas p\u0101rdod salabotus produktus.<\/strong><\/li>\n\n\n\n<li><strong>Pat\u0113r\u0113t\u0101jiem ir ties\u012bbas piepras\u012bt Eiropas remonta inform\u0101cijas veidlapu no remontdarbn\u012bc\u0101m, lai atvieglotu pied\u0101v\u0101jumu sal\u012bdzin\u0101\u0161anu.<\/strong><\/li>\n\n\n\n<li><strong>Tiks izstr\u0101d\u0101ts Eiropas remonta pakalpojumu kvalit\u0101tes standarts, kas pal\u012bdz\u0113s pat\u0113r\u0113t\u0101jiem atpaz\u012bt augstas kvalit\u0101tes remonta pakalpojumus.<\/strong><\/li>\n<\/ul>\n\n\n\n<p>\u0160is ir s\u0101kotn\u0113jais priek\u0161likums, ko apstiprin\u0101jusi Eiropas Komisija, bet tas v\u0113l ir j\u0101uzlabo, jo v\u0113l ir j\u0101izlemj jaut\u0101jumi, piem\u0113ram, par garantijas perioda remonta darbiem un Eiropas l\u012bme\u0146a standarta izveidi. Direkt\u012bvas ievie\u0161ana tikai vien\u0101 vai da\u017e\u0101s valst\u012bs nedotu v\u0113lamo rezult\u0101tu.<\/p>\n\n\n\n<p>Ar detaliz\u0113tu 22.03.2023. <a href=\"https:\/\/ec.europa.eu\/commission\/presscorner\/detail\/en\/ip_23_1794\">Eiropas Komisijas apstiprin\u0101t\u0101 &#8220;Ties\u012bbas uz remontu&#8221; direkt\u012bvas priek\u0161likumu varat iepaz\u012bties \u0161eit<\/a>.<\/p>\n\n\n\n<p>No 2021. gada 1. janv\u0101ra Francija ir pirm\u0101 valsts Eirop\u0101, kas ieviesusi remont\u0113jam\u012bbas indeksu piec\u0101m elektronisko ier\u012b\u010du kategorij\u0101m \u2013 viedt\u0101lru\u0146iem, kl\u0113pjdatoriem, televizoriem, ve\u013cas ma\u0161\u012bn\u0101m, z\u0101les p\u013c\u0101v\u0113ju robotiem. Indekss nov\u0113rt\u0113 piecus krit\u0113rijus:<\/p>\n\n\n\n<ul class=\"wp-block-list\">\n<li>Dokument\u0101cija<\/li>\n\n\n\n<li>Iesp\u0113ja izjaukt<\/li>\n\n\n\n<li>Rezerves da\u013cu pieejam\u012bba<\/li>\n\n\n\n<li>Rezerves da\u013cu cena<\/li>\n\n\n\n<li>Produkta specifiskie aspekti<\/li>\n<\/ul>\n\n\n\n<figure class=\"wp-block-image size-full\"><img loading=\"lazy\" decoding=\"async\" width=\"732\" height=\"459\" src=\"https:\/\/werkado.eu\/wp-content\/uploads\/2024\/07\/Werkado-and-macro-trends-influencing-our-business-vertical.png\" alt=\"\" class=\"wp-image-5336\" srcset=\"https:\/\/werkado.eu\/wp-content\/uploads\/2024\/07\/Werkado-and-macro-trends-influencing-our-business-vertical.png 732w, https:\/\/werkado.eu\/wp-content\/uploads\/2024\/07\/Werkado-and-macro-trends-influencing-our-business-vertical-300x188.png 300w, https:\/\/werkado.eu\/wp-content\/uploads\/2024\/07\/Werkado-and-macro-trends-influencing-our-business-vertical-65x41.png 65w, https:\/\/werkado.eu\/wp-content\/uploads\/2024\/07\/Werkado-and-macro-trends-influencing-our-business-vertical-64x40.png 64w\" sizes=\"auto, (max-width: 732px) 100vw, 732px\" \/><\/figure>\n\n\n\n<p>Nosl\u0113gum\u0101 v\u0113lamies teikt, ka Werkado piln\u012bb\u0101 atbalsta gaid\u0101mo direkt\u012bvu \u2013 tas ir labs piem\u0113rs, kad nepiecie\u0161am\u0101s izmai\u0146as j\u0101ievie\u0161 no aug\u0161as uz leju. M\u0113s ticam \u0161im principam jau daudzus gadus, m\u0113s izv\u0113lamies un populariz\u0113jam instrumentus, kurus var remont\u0113t, un pied\u0101v\u0101jam ar\u012b rezerves da\u013cas un pakalpojumus.<\/p>\n\n\n\n<p>Piem\u0113ram, b\u016bvniec\u012bbas l\u0101zeri tiek izmantoti \u013coti sare\u017e\u0123\u012btos apst\u0101k\u013cos b\u016bvlaukumos. Pat lab\u0101kajiem profesion\u0101lajiem instrumentiem p\u0113c kritiena var b\u016bt nepiecie\u0161ams remonts. M\u0113s uzturam rezerves da\u013cu kr\u0101jumus, esam ieguld\u012bju\u0161i \u012bpa\u0161\u0101 apr\u012bkojum\u0101 un tehni\u0137os, lai pagarin\u0101tu l\u0101zeru dz\u012bves ciklu.<\/p>\n\n\n\n<p>Ta\u010du vissvar\u012bg\u0101kais ir tas, ka m\u0113s piev\u0113r\u0161am uzman\u012bbu produktu kvalit\u0101tei, lai tie kalpotu ilgi un neb\u016btu dr\u012bz j\u0101remont\u0113.<\/p>\n","protected":false},"excerpt":{"rendered":"<p>Kas ir Eiropas Direkt\u012bva par Ties\u012bb\u0101m uz Remontu? K\u0101 eiropie\u0161i, m\u0113s esam pieradu\u0161i pie ties\u012bb\u0101m pie\u0146emt l\u0113mumus. Mums ir izv\u0113les iesp\u0113jas gandr\u012bz vis\u0101 \u2013 \u0113dien\u0101, m\u0101jokl\u012b, darb\u0101 un draugos. M\u0113s varam ar\u012b izv\u0113l\u0113ties, cik daudz un uz ko m\u0113s t\u0113r\u0113jam, cik p\u0101rdom\u0101ti m\u0113s veicam pirkuma l\u0113mumus un ko m\u0113s visp\u0101r pat\u0113r\u0113jam. K\u0101 saka \u2013 j\u016bs [&hellip;]<\/p>\n","protected":false},"author":4,"featured_media":5204,"comment_status":"open","ping_status":"open","sticky":false,"template":"","format":"standard","meta":{"_acf_changed":false,"footnotes":""},"categories":[3],"tags":[],"class_list":["post-5354","post","type-post","status-publish","format-standard","has-post-thumbnail","hentry","category-uncategorized-lv"],"acf":[],"_links":{"self":[{"href":"https:\/\/werkado.eu\/lv\/wp-json\/wp\/v2\/posts\/5354","targetHints":{"allow":["GET"]}}],"collection":[{"href":"https:\/\/werkado.eu\/lv\/wp-json\/wp\/v2\/posts"}],"about":[{"href":"https:\/\/werkado.eu\/lv\/wp-json\/wp\/v2\/types\/post"}],"author":[{"embeddable":true,"href":"https:\/\/werkado.eu\/lv\/wp-json\/wp\/v2\/users\/4"}],"replies":[{"embeddable":true,"href":"https:\/\/werkado.eu\/lv\/wp-json\/wp\/v2\/comments?post=5354"}],"version-history":[{"count":2,"href":"https:\/\/werkado.eu\/lv\/wp-json\/wp\/v2\/posts\/5354\/revisions"}],"predecessor-version":[{"id":5356,"href":"https:\/\/werkado.eu\/lv\/wp-json\/wp\/v2\/posts\/5354\/revisions\/5356"}],"wp:featuredmedia":[{"embeddable":true,"href":"https:\/\/werkado.eu\/lv\/wp-json\/wp\/v2\/media\/5204"}],"wp:attachment":[{"href":"https:\/\/werkado.eu\/lv\/wp-json\/wp\/v2\/media?parent=5354"}],"wp:term":[{"taxonomy":"category","embeddable":true,"href":"https:\/\/werkado.eu\/lv\/wp-json\/wp\/v2\/categories?post=5354"},{"taxonomy":"post_tag","embeddable":true,"href":"https:\/\/werkado.eu\/lv\/wp-json\/wp\/v2\/tags?post=5354"}],"curies":[{"name":"wp","href":"https:\/\/api.w.org\/{rel}","templated":true}]}}